{"id":14,"date":"2010-11-23T20:00:00","date_gmt":"2010-11-23T20:00:00","guid":{"rendered":"http:\/\/rst2.com\/altxa\/?p=14"},"modified":"2021-12-19T10:06:59","modified_gmt":"2021-12-19T10:06:59","slug":"herrien-arteko-xendak-imotz-basaburua","status":"publish","type":"post","link":"https:\/\/altxa.eu\/index.php\/2010\/11\/23\/herrien-arteko-xendak-imotz-basaburua\/","title":{"rendered":"HERRIEN ARTEKO XENDAK imotz basaburua"},"content":{"rendered":"<p><\/p>\n<div dir=\"ltr\">\n<div id=\"fotos\"><a href=\"https:\/\/altxa.eu\/wp-content\/uploads\/2013\/12\/WP-IMZ-MAPA-FLL.jpg\" target=\"_blank\" rel=\"noopener\"><img loading=\"lazy\" decoding=\"async\" title=\"Imozko mapa\" alt=\"\" src=\"https:\/\/altxa.eu\/wp-content\/uploads\/2013\/12\/WP-IMZ-MAPA-236.jpg\" width=\"236\" height=\"236\" \/><\/a><\/div>\n<div id=\"fotos\"><a href=\"https:\/\/altxa.eu\/wp-content\/uploads\/2013\/12\/WP-KALE-ETXALEKU.jpg\" target=\"_blank\" rel=\"noopener\"><img loading=\"lazy\" decoding=\"async\" title=\"Imozko kaleak\" alt=\"\" src=\"https:\/\/altxa.eu\/wp-content\/uploads\/2013\/12\/WP-KALE-IMZ-236.jpg\" width=\"236\" height=\"236\" \/><\/a><\/div>\n<div id=\"fotos\"><a href=\"https:\/\/altxa.eu\/wp-content\/uploads\/2013\/12\/WP-PERFIL-IMZ.jpg\" target=\"_blank\" rel=\"noopener\"><img loading=\"lazy\" decoding=\"async\" title=\"Imozko perfila\" alt=\"\" src=\"https:\/\/altxa.eu\/wp-content\/uploads\/2013\/12\/WP-PERFIL-IMZ-236.jpg\" width=\"236\" height=\"236\" \/><\/a><\/div>\n<div id=\"fotos\"><a href=\"https:\/\/altxa.eu\/wp-content\/uploads\/2010\/11\/WP-KONTRA-IMZ.jpg\" target=\"_blank\" rel=\"noopener\"><img loading=\"lazy\" decoding=\"async\" title=\"Imozko eskuorria\" alt=\"\" src=\"https:\/\/altxa.eu\/wp-content\/uploads\/2013\/12\/WP-KONTRA-IMZ-236-1.jpg\" width=\"236\" height=\"236\" \/><\/a><\/div>\n<div><span style=\"font-size: medium;\">Este proyecto surgi\u00f3 de la intercolaboraci\u00f3n de los Ayuntamientos de Imotz y Basaburua para recuperar el uso de los antiguos caminos entre los pueblos.<\/span><\/div>\n<div><span style=\"font-size: medium;\">Hemos hecho un cuadr\u00edptico, disponible en los Ayuntamietos , casas rurales y bares.<\/span><\/div>\n<div><span style=\"font-size: medium;\">Ha colaborado de Juantxo Aleman.<\/span><br \/>\n<span style=\"font-size: medium;\"> M\u00e1s informaci\u00f3n en <a href=\"http:\/\/www.imotz.com\/\">www.imotz.com<\/a><\/span><\/div>\n<\/div>\n<p><\/p>","protected":false},"excerpt":{"rendered":"<p>Este proyecto surgi\u00f3 de la intercolaboraci\u00f3n de los Ayuntamientos de Imotz y Basaburua para recuperar el uso de los antiguos caminos entre los pueblos. Hemos hecho un cuadr\u00edptico, disponible en los Ayuntamietos , casas rurales y bares. Ha colaborado de Juantxo Aleman. M\u00e1s informaci\u00f3n en www.imotz.com<\/p>\n","protected":false},"author":1,"featured_media":0,"comment_status":"closed","ping_status":"closed","sticky":false,"template":"","format":"standard","meta":{"footnotes":""},"categories":[2],"tags":[],"class_list":["post-14","post","type-post","status-publish","format-standard","hentry","category-kartografia"],"_links":{"self":[{"href":"https:\/\/altxa.eu\/index.php\/wp-json\/wp\/v2\/posts\/14","targetHints":{"allow":["GET"]}}],"collection":[{"href":"https:\/\/altxa.eu\/index.php\/wp-json\/wp\/v2\/posts"}],"about":[{"href":"https:\/\/altxa.eu\/index.php\/wp-json\/wp\/v2\/types\/post"}],"author":[{"embeddable":true,"href":"https:\/\/altxa.eu\/index.php\/wp-json\/wp\/v2\/users\/1"}],"replies":[{"embeddable":true,"href":"https:\/\/altxa.eu\/index.php\/wp-json\/wp\/v2\/comments?post=14"}],"version-history":[{"count":1,"href":"https:\/\/altxa.eu\/index.php\/wp-json\/wp\/v2\/posts\/14\/revisions"}],"predecessor-version":[{"id":1166,"href":"https:\/\/altxa.eu\/index.php\/wp-json\/wp\/v2\/posts\/14\/revisions\/1166"}],"wp:attachment":[{"href":"https:\/\/altxa.eu\/index.php\/wp-json\/wp\/v2\/media?parent=14"}],"wp:term":[{"taxonomy":"category","embeddable":true,"href":"https:\/\/altxa.eu\/index.php\/wp-json\/wp\/v2\/categories?post=14"},{"taxonomy":"post_tag","embeddable":true,"href":"https:\/\/altxa.eu\/index.php\/wp-json\/wp\/v2\/tags?post=14"}],"curies":[{"name":"wp","href":"https:\/\/api.w.org\/{rel}","templated":true}]}}