{"id":16,"date":"2010-04-08T16:30:00","date_gmt":"2010-04-08T16:30:00","guid":{"rendered":"http:\/\/rst2.com\/altxa\/?p=16"},"modified":"2010-04-08T16:30:00","modified_gmt":"2010-04-08T16:30:00","slug":"jorge-oteiza-etnografia-museoa-elizondo-baztango-monumentu-megalitikoak","status":"publish","type":"post","link":"https:\/\/altxa.eu\/index.php\/2010\/04\/08\/jorge-oteiza-etnografia-museoa-elizondo-baztango-monumentu-megalitikoak\/","title":{"rendered":"MUSEO ETNOGR\u00c1FICO JORGE OTEIZA, ELIZONDO. Monumentos megaliticos de Baztan."},"content":{"rendered":"<p><\/p>\n<div id=\"fotos\"><a href=\"https:\/\/altxa.eu\/wp-content\/uploads\/2013\/12\/WP-TK-P1020379.jpg\" target=\"_blank\" rel=\"noopener\"><img loading=\"lazy\" decoding=\"async\" title=\"Baztango museoa\" alt=\"\" src=\"https:\/\/altxa.eu\/wp-content\/uploads\/2013\/12\/WP-MUSEO-236.jpg\" width=\"358\" height=\"236\" \/><\/a><\/div>\n<div id=\"fotos\"><a href=\"https:\/\/altxa.eu\/wp-content\/uploads\/2013\/12\/WP-TK-ATRIL-SOALAR.jpg\" target=\"_blank\" rel=\"noopener\"><img loading=\"lazy\" decoding=\"async\" title=\"Soalarko zutarria\" alt=\"\" src=\"https:\/\/altxa.eu\/wp-content\/uploads\/2013\/12\/WP-SOALAR-236-1.jpg\" width=\"358\" height=\"236\" \/><\/a><\/div>\n<div id=\"fotos\"><a href=\"http:\/\/altxa.eu\/wp-content\/uploads\/WP-BAZTAN-CDTM.jpg\" target=\"_blank\" rel=\"noopener\"><img loading=\"lazy\" decoding=\"async\" title=\"Baztango megalitoak\" alt=\"\" src=\"https:\/\/altxa.eu\/wp-content\/uploads\/2013\/12\/WP-TK-BAZTAN-M1-236-1.jpg\" width=\"236\" height=\"236\" \/><\/a><\/div>\n<div>\n<p><span style=\"font-size: medium;\">Trabajo realizado en el Museo etnogr\u00e1fico Jorge Oteiza de Elizondo sobre los <b>megalitos de Baztan<\/b> El panel del menhir de Soalar est\u00e1 basado en un dibujo cedido por el departamento de patrimonio del Gobierno de Navarra.<\/span><\/p>\n<\/div>\n<div><span style=\"font-size: medium;\">En colaboraci\u00f3n con Josu Cabodevilla e Itziar Zabalza.<\/span><\/div>\n<p><\/p>","protected":false},"excerpt":{"rendered":"<p>Trabajo realizado en el Museo etnogr\u00e1fico Jorge Oteiza de Elizondo sobre los megalitos de Baztan El panel del menhir de Soalar est\u00e1 basado en un dibujo cedido por el departamento de patrimonio del Gobierno de Navarra. En colaboraci\u00f3n con Josu Cabodevilla e Itziar Zabalza.<\/p>\n","protected":false},"author":1,"featured_media":0,"comment_status":"closed","ping_status":"open","sticky":false,"template":"","format":"standard","meta":{"footnotes":""},"categories":[2],"tags":[],"class_list":["post-16","post","type-post","status-publish","format-standard","hentry","category-kartografia"],"_links":{"self":[{"href":"https:\/\/altxa.eu\/index.php\/wp-json\/wp\/v2\/posts\/16","targetHints":{"allow":["GET"]}}],"collection":[{"href":"https:\/\/altxa.eu\/index.php\/wp-json\/wp\/v2\/posts"}],"about":[{"href":"https:\/\/altxa.eu\/index.php\/wp-json\/wp\/v2\/types\/post"}],"author":[{"embeddable":true,"href":"https:\/\/altxa.eu\/index.php\/wp-json\/wp\/v2\/users\/1"}],"replies":[{"embeddable":true,"href":"https:\/\/altxa.eu\/index.php\/wp-json\/wp\/v2\/comments?post=16"}],"version-history":[{"count":0,"href":"https:\/\/altxa.eu\/index.php\/wp-json\/wp\/v2\/posts\/16\/revisions"}],"wp:attachment":[{"href":"https:\/\/altxa.eu\/index.php\/wp-json\/wp\/v2\/media?parent=16"}],"wp:term":[{"taxonomy":"category","embeddable":true,"href":"https:\/\/altxa.eu\/index.php\/wp-json\/wp\/v2\/categories?post=16"},{"taxonomy":"post_tag","embeddable":true,"href":"https:\/\/altxa.eu\/index.php\/wp-json\/wp\/v2\/tags?post=16"}],"curies":[{"name":"wp","href":"https:\/\/api.w.org\/{rel}","templated":true}]}}